{"id":50,"date":"2017-09-16T15:03:20","date_gmt":"2017-09-16T13:03:20","guid":{"rendered":"http:\/\/vistatips.se\/?p=50"},"modified":"2020-04-13T21:57:59","modified_gmt":"2020-04-13T19:57:59","slug":"ombonat-med-svala-nyanser","status":"publish","type":"post","link":"http:\/\/vistatips.se\/index.php\/2017\/09\/16\/ombonat-med-svala-nyanser\/","title":{"rendered":"Ombonat med svala nyanser"},"content":{"rendered":"<p>Jag gillar att inreda med kalla f\u00e4rger som gr\u00e5tt, svart, bl\u00e5tt, vitt och kallt lila. Silver \u00e4r ocks\u00e5 fint. Detsamma g\u00e4ller mina kl\u00e4der, kallt ska det vara &#8211; och silversmycken sl\u00e5r guld vilken dag som helst. Jag har alltid tyckt s\u00e5 och \u00e4r s\u00e4ker p\u00e5 att det \u00e4r kalla nyanser som b\u00e4st kl\u00e4r mig och mina f\u00e4rger. Ibland n\u00e4r jag konstaterar detta s\u00e5 f\u00e5r jag fr\u00e5gan hur man g\u00f6r det mysigt och ombonat om man bara anv\u00e4nder kalla f\u00e4rger och d\u00e5 \u00e4r svaret &#8211; s\u00e5klart &#8211; med belysning<\/p>\n<h2>Varmt sken<\/h2>\n<p>N\u00e4r man vill skapa en mysig och ombonad k\u00e4nsla i ett rum inrett med fr\u00e4mst kalla f\u00e4rger s\u00e5 m\u00e5ste man vara extra noggrann med placering av ljusk\u00e4llor, samt val av lampor. Man kan inte k\u00f6ra med lampor med kallt sken i ett redan \u201dkallt\u201d inrett rum f\u00f6r d\u00e5 blir det skr\u00e4ckfilmsvarning direkt. Mjukt, varmt sken \u00e4r att rekommendera i 90 procent av fallen \u00e4r min kvalificerade gissning.<\/p>\n<p>Ett annat s\u00e4tt \u00e4r att satsa p\u00e5 mjuka och mysiga material. En gr\u00e5 pl\u00e4d \u00f6ver en mjuk och gosig, m\u00f6rklila soffa k\u00e4nns allt annat \u00e4n kall och steril &#8211; tro mig!<\/p>\n<h2>Personlig smak<\/h2>\n<p>Nu hj\u00e4lper jag ju ofta andra att inreda och d\u00e5 utg\u00e5r jag givetvis fr\u00e5n deras smak och adderar en touch av finess. Jag prackar aldrig p\u00e5 n\u00e5gon mina egna \u00e5sikter s\u00e5 om du vill ha varma toner i ditt vardagsrum s\u00e5 ser jag s\u00e5klart till att du f\u00e5r det. Det \u00e4r inte heller s\u00e5 att jag n\u00f6dv\u00e4ndigtvis tycker att det \u00e4r fult med varma f\u00e4rger, det \u00e4r bara s\u00e4llan det jag f\u00f6redrar.<\/p>\n","protected":false},"excerpt":{"rendered":"<p>Jag gillar att inreda med kalla f\u00e4rger som gr\u00e5tt, svart, bl\u00e5tt, vitt och kallt lila. Silver \u00e4r ocks\u00e5 fint. Detsamma g\u00e4ller mina kl\u00e4der, kallt ska det vara &#8211; och silversmycken sl\u00e5r guld vilken dag som helst. Jag har alltid tyckt s\u00e5 och \u00e4r s\u00e4ker p\u00e5 att det \u00e4r kalla nyanser som b\u00e4st kl\u00e4r mig och <a class=\"read-more\" href=\"http:\/\/vistatips.se\/index.php\/2017\/09\/16\/ombonat-med-svala-nyanser\/\">L\u00e4s mer&#8230;<\/a><\/p>\n","protected":false},"author":1,"featured_media":51,"comment_status":"closed","ping_status":"open","sticky":false,"template":"","format":"standard","meta":{"footnotes":""},"categories":[1],"tags":[],"class_list":["post-50","post","type-post","status-publish","format-standard","has-post-thumbnail","hentry","category-okategoriserade"],"_links":{"self":[{"href":"http:\/\/vistatips.se\/index.php\/wp-json\/wp\/v2\/posts\/50","targetHints":{"allow":["GET"]}}],"collection":[{"href":"http:\/\/vistatips.se\/index.php\/wp-json\/wp\/v2\/posts"}],"about":[{"href":"http:\/\/vistatips.se\/index.php\/wp-json\/wp\/v2\/types\/post"}],"author":[{"embeddable":true,"href":"http:\/\/vistatips.se\/index.php\/wp-json\/wp\/v2\/users\/1"}],"replies":[{"embeddable":true,"href":"http:\/\/vistatips.se\/index.php\/wp-json\/wp\/v2\/comments?post=50"}],"version-history":[{"count":2,"href":"http:\/\/vistatips.se\/index.php\/wp-json\/wp\/v2\/posts\/50\/revisions"}],"predecessor-version":[{"id":72,"href":"http:\/\/vistatips.se\/index.php\/wp-json\/wp\/v2\/posts\/50\/revisions\/72"}],"wp:featuredmedia":[{"embeddable":true,"href":"http:\/\/vistatips.se\/index.php\/wp-json\/wp\/v2\/media\/51"}],"wp:attachment":[{"href":"http:\/\/vistatips.se\/index.php\/wp-json\/wp\/v2\/media?parent=50"}],"wp:term":[{"taxonomy":"category","embeddable":true,"href":"http:\/\/vistatips.se\/index.php\/wp-json\/wp\/v2\/categories?post=50"},{"taxonomy":"post_tag","embeddable":true,"href":"http:\/\/vistatips.se\/index.php\/wp-json\/wp\/v2\/tags?post=50"}],"curies":[{"name":"wp","href":"https:\/\/api.w.org\/{rel}","templated":true}]}}